{"id":532,"__str__":"Lista de Vota\u00e7\u00e3o - \u00danica discuss\u00e3o e vota\u00e7\u00e3o da 1\u00aa Emenda da CCLJRF de 25/09/2023 por TODOS VEREADORES","link_detail_backend":"/materia/documentoacessorio/532","metadata":{},"nome":"\u00danica discuss\u00e3o e vota\u00e7\u00e3o da 1\u00aa Emenda da CCLJRF","data":"2023-09-25","autor":"TODOS VEREADORES","ementa":"I \u2013 EMENDA MODIFICATIVA: fica alterada a reda\u00e7\u00e3o da ementa do Projeto de Lei n\u00ba 058/2023:\r\n\r\n\u201cInstitui a pol\u00edtica de restri\u00e7\u00e3o ao tr\u00e2nsito de ve\u00edculos automotores pesados no \u00e2mbito do Munic\u00edpio de Alfenas e d\u00e1 outras provid\u00eancias.\u201d","indexacao":"","arquivo":"http://sapl.alfenas.mg.leg.br/media/sapl/public/documentoacessorio/2023/532/emenda_1_lista_de_votacao_-_unico_turno_-_pl_no_58.2023.pdf","data_ultima_atualizacao":"2023-09-26T12:00:16.405994-03:00","materia":890,"tipo":25}