{"id":5278,"__str__":"Decreto Legislativo - Cidad\u00e3o Honor\u00e1rio - Walter de Oliveira In\u00e1cio de 17/03/2026 por M\u00e1rcio Fernando Costa - vereador.","link_detail_backend":"/materia/documentoacessorio/5278","metadata":{"signs":{"arquivo":{"admin":[],"autores":[["Matheus Paccini Pereira",["2026-03-17T15:24:01-03:00","ICP-Brasil"]]]}}},"nome":"Cidad\u00e3o Honor\u00e1rio - Walter de Oliveira In\u00e1cio","data":"2026-03-17","autor":"M\u00e1rcio Fernando Costa - vereador.","ementa":"T\u00edtulo de cidad\u00e3o honor\u00e1rio alfenense outorgado ao Sr. Walter de Oliveira In\u00e1cio.","indexacao":"","arquivo":"http://sapl.alfenas.mg.leg.br/media/sapl/public/documentoacessorio/2026/5278/decreto_legislativo_no_04.2026_-_cidadao_honorario_walter_de_oliveira_inacio.assinado.pdf","data_ultima_atualizacao":"2026-03-17T16:17:44.798853-03:00","materia":5408,"tipo":31}