{"id":5212,"__str__":"Reda\u00e7\u00e3o Final - Reda\u00e7\u00e3o Final ao Anexo II do PDL n\u00ba 10;2026 de 27/02/2026 por CCLJRF","link_detail_backend":"/materia/documentoacessorio/5212","metadata":{"signs":{"arquivo":{"admin":[],"autores":[["Braz Fernando da Silva",["2026-02-27T12:03:56-03:00","ICP-Brasil"]],["Cirlei Jose de Carvalho",["2026-02-27T11:44:04-03:00","ICP-Brasil"]],["Rodolfo Inacio da Freiria",["2026-02-27T11:46:17-03:00","ICP-Brasil"]]]}}},"nome":"Reda\u00e7\u00e3o Final ao Anexo II do PDL n\u00ba 10;2026","data":"2026-02-27","autor":"CCLJRF","ementa":"","indexacao":"","arquivo":"http://sapl.alfenas.mg.leg.br/media/sapl/public/documentoacessorio/2026/5212/anexo_ii__pdl_no_10.2026-emendas_impositivas_2024_-_reprogramadas_2026_-_ccljrf.pdf","data_ultima_atualizacao":"2026-02-27T16:12:05.340956-03:00","materia":5518,"tipo":24}