{"id":512,"__str__":"Reda\u00e7\u00e3o Final - Reda\u00e7\u00e3o Final de 19/09/2023 por ","link_detail_backend":"/materia/documentoacessorio/512","metadata":{"signs":{"arquivo":{"admin":[],"autores":[["Braz Fernando da Silva",["2023-09-19T15:00:49-03:00","ICP-Brasil"]],["Katia Geralda Silva Goyata",["2023-09-19T15:00:26-03:00","ICP-Brasil"]],["Vagner Tarcisio de Morais",["2023-09-19T15:00:37-03:00","ICP-Brasil"]]]}}},"nome":"Reda\u00e7\u00e3o Final","data":"2023-09-19","autor":"","ementa":"","indexacao":"","arquivo":"http://sapl.alfenas.mg.leg.br/media/sapl/public/documentoacessorio/2023/512/redacao_final_-_pl_no_066.2023_-_assinado.pdf","data_ultima_atualizacao":"2023-09-19T15:01:23.928713-03:00","materia":977,"tipo":24}