{"id":482,"__str__":"Decreto Legislativo - DECRETO LEGISLATIVO N\u00ba 32/2023. de 06/09/2023 por Jos\u00e9 Carlos de Morais","link_detail_backend":"/materia/documentoacessorio/482","metadata":{"signs":{"arquivo":{"admin":[],"autores":[["Jose Carlos de Morais",["2023-09-11T11:08:09-03:00","ICP-Brasil"]]]}}},"nome":"DECRETO LEGISLATIVO N\u00ba 32/2023.","data":"2023-09-06","autor":"Jos\u00e9 Carlos de Morais","ementa":"Concede T\u00edtulo de Cidad\u00e3o Honor\u00e1rio ao Pastor Luiz Carlos de Andrade J\u00fanior.","indexacao":"","arquivo":"http://sapl.alfenas.mg.leg.br/media/sapl/public/documentoacessorio/2023/482/decreto_legislativo_no_32-_mfc_-_titulo_de_cidadao_honorario_ao_pastor_luiz_carlos_de_andrade_junior_-_assinado.pdf","data_ultima_atualizacao":"2023-09-11T11:08:48.336347-03:00","materia":733,"tipo":31}