{"id":4578,"__str__":"Reda\u00e7\u00e3o Final - Reda\u00e7\u00e3o Final PR n\u00ba 6/2025 de 15/07/2025 por CCLJRF","link_detail_backend":"/materia/documentoacessorio/4578","metadata":{"signs":{"arquivo":{"admin":[],"autores":[["Braz Fernando da Silva",["2025-07-15T13:27:54-03:00","ICP-Brasil"]],["Cirlei Jose de Carvalho",["2025-07-15T11:43:16-03:00","ICP-Brasil"]],["Rodolfo Inacio da Freiria",["2025-07-15T09:43:05-03:00","ICP-Brasil"]]]}}},"nome":"Reda\u00e7\u00e3o Final PR n\u00ba 6/2025","data":"2025-07-15","autor":"CCLJRF","ementa":"","indexacao":"","arquivo":"http://sapl.alfenas.mg.leg.br/media/sapl/public/documentoacessorio/2025/4578/redacao_final_-_pr_no_006.2025_-_ouvidoria_legislativa.pdf","data_ultima_atualizacao":"2025-07-16T09:59:37.266675-03:00","materia":4366,"tipo":24}