{"id":4563,"__str__":"Proposi\u00e7\u00e3o de Lei - Proposi\u00e7\u00e3o de Lei n\u00ba 20/25 de 11/07/2025 por Matheus Paccini","link_detail_backend":"/materia/documentoacessorio/4563","metadata":{"signs":{"arquivo":{"admin":[],"autores":[["Jefferson dos Reis Padilha Goncalves",["2025-07-10T16:51:48-03:00","ICP-Brasil"]],["Matheus Paccini Pereira",["2025-07-11T08:36:00-03:00","ICP-Brasil"]],["Rodolfo Inacio da Freiria",["2025-07-10T16:25:19-03:00","ICP-Brasil"]],["Thalles Silva Gomes",["2025-07-11T09:23:37-03:00","ICP-Brasil"]]]}}},"nome":"Proposi\u00e7\u00e3o de Lei n\u00ba 20/25","data":"2025-07-11","autor":"Matheus Paccini","ementa":"Assegura aos Agentes Comunit\u00e1rios de Sa\u00fade e de Combate \u00e0s Endemias, contratados mediante Processo Seletivo P\u00fablico n\u00ba 001/2023, os mesmos direitos, garantias e deveres, nos termos da legisla\u00e7\u00e3o vigente\u201d.","indexacao":"","arquivo":"http://sapl.alfenas.mg.leg.br/media/sapl/public/documentoacessorio/2025/4563/proposicao_de_lei_no_20-_pl_no_33.2025_-_dispoe_sobre_o_prazo_de_vinculacao_ao_municipio_dos_agentes_comunitarios_de_saude_e_de_combate_as_endemias._ass.pdf","data_ultima_atualizacao":"2025-07-11T09:46:49.448796-03:00","materia":4369,"tipo":22}