{"id":453,"__str__":"Anexo - Relat\u00f3rio de atua\u00e7\u00e3o dos org\u00e3os e unidades - camar de 01/09/2023 por F\u00e1bio Marques Flor\u00eancio","link_detail_backend":"/materia/documentoacessorio/453","metadata":{"signs":{"arquivo":{"admin":[],"autores":[["Fabio Marques Florencio",["2023-08-31T13:31:55-03:00","ICP-Brasil"]]]}}},"nome":"Relat\u00f3rio de atua\u00e7\u00e3o dos org\u00e3os e unidades - camar","data":"2023-09-01","autor":"F\u00e1bio Marques Flor\u00eancio","ementa":"Relat\u00f3rio de atua\u00e7\u00e3o dos org\u00e3os e unidades - camara","indexacao":"","arquivo":"http://sapl.alfenas.mg.leg.br/media/sapl/public/documentoacessorio/2023/453/relatorio_de_atuacao_dos_orgaos_e_unidades_-_camara.pdf","data_ultima_atualizacao":"2023-09-01T08:44:21.598957-03:00","materia":911,"tipo":23}