{"id":451,"__str__":"Anexo - Rela\u00e7\u00e3o da proposta da despesa de 01/09/2023 por F\u00e1bio Marques Flor\u00eancio","link_detail_backend":"/materia/documentoacessorio/451","metadata":{"signs":{"arquivo":{"admin":[],"autores":[["Fabio Marques Florencio",["2023-08-31T13:31:25-03:00","ICP-Brasil"]]]}}},"nome":"Rela\u00e7\u00e3o da proposta da despesa","data":"2023-09-01","autor":"F\u00e1bio Marques Flor\u00eancio","ementa":"Rela\u00e7\u00e3o da proposta da despesa","indexacao":"","arquivo":"http://sapl.alfenas.mg.leg.br/media/sapl/public/documentoacessorio/2023/451/relacao_da_proposta_da_despesa.pdf","data_ultima_atualizacao":"2023-09-01T08:43:13.120299-03:00","materia":911,"tipo":23}