{"id":449,"__str__":"Anexo - Quadro descriminativo das despesas e respectivas l de 01/09/2023 por F\u00e1bio Marques Flor\u00eancio","link_detail_backend":"/materia/documentoacessorio/449","metadata":{"signs":{"arquivo":{"admin":[],"autores":[["Fabio Marques Florencio",["2023-08-31T13:30:49-03:00","ICP-Brasil"]]]}}},"nome":"Quadro descriminativo das despesas e respectivas l","data":"2023-09-01","autor":"F\u00e1bio Marques Flor\u00eancio","ementa":"Quadro descriminativo das despesas e respectivas legisla\u00e7\u00f5es-consolidadas","indexacao":"","arquivo":"http://sapl.alfenas.mg.leg.br/media/sapl/public/documentoacessorio/2023/449/quadro_descriminativo_das_despesas_e_respectivas_legislacoes-consolidadas.pdf","data_ultima_atualizacao":"2023-09-01T08:42:07.485717-03:00","materia":911,"tipo":23}