{"id":4488,"__str__":"Reda\u00e7\u00e3o Final - Reda\u00e7\u00e3o Final PL n\u00ba 42/2025 de 01/07/2025 por CCLJRF","link_detail_backend":"/materia/documentoacessorio/4488","metadata":{"signs":{"arquivo":{"admin":[],"autores":[["Braz Fernando da Silva",["2025-07-01T11:47:12-03:00","ICP-Brasil"]],["Cirlei Jose de Carvalho",["2025-07-01T11:39:14-03:00","ICP-Brasil"]],["Rodolfo Inacio da Freiria",["2025-07-01T11:42:18-03:00","ICP-Brasil"]]]}}},"nome":"Reda\u00e7\u00e3o Final PL n\u00ba 42/2025","data":"2025-07-01","autor":"CCLJRF","ementa":"","indexacao":"","arquivo":"http://sapl.alfenas.mg.leg.br/media/sapl/public/documentoacessorio/2025/4488/redacao_final_-pl_no_42.2025_assinado_por_todos.pdf","data_ultima_atualizacao":"2025-07-02T11:44:04.264812-03:00","materia":4494,"tipo":24}