{"id":4453,"__str__":"Anexo - Matr\u00edcula 66982 de 27/06/2025 por F\u00e1bio Marques Flor\u00eancio","link_detail_backend":"/materia/documentoacessorio/4453","metadata":{},"nome":"Matr\u00edcula 66982","data":"2025-06-27","autor":"F\u00e1bio Marques Flor\u00eancio","ementa":"","indexacao":"","arquivo":"http://sapl.alfenas.mg.leg.br/media/sapl/public/documentoacessorio/2025/4453/matricula_66982.pdf","data_ultima_atualizacao":"2025-06-27T13:51:55.079162-03:00","materia":4492,"tipo":23}