{"id":4450,"__str__":"Anexo - AVALIA\u00c7\u00c3O - Im\u00f3vel Matr\u00edcula 66982 de 27/06/2025 por F\u00e1bio Marques Flor\u00eancio","link_detail_backend":"/materia/documentoacessorio/4450","metadata":{},"nome":"AVALIA\u00c7\u00c3O - Im\u00f3vel Matr\u00edcula 66982","data":"2025-06-27","autor":"F\u00e1bio Marques Flor\u00eancio","ementa":"","indexacao":"","arquivo":"http://sapl.alfenas.mg.leg.br/media/sapl/public/documentoacessorio/2025/4450/avaliacao_-_imovel_matricula_66982.pdf","data_ultima_atualizacao":"2025-06-27T13:50:23.848137-03:00","materia":4492,"tipo":23}