{"id":4405,"__str__":"Proposi\u00e7\u00e3o de Lei - Proposi\u00e7\u00e3o de Lei Assinada de 17/06/2025 por Mesa Diretora","link_detail_backend":"/materia/documentoacessorio/4405","metadata":{"signs":{"arquivo":{"admin":[],"autores":[["Jefferson dos Reis Padilha Goncalves",["2025-06-17T12:17:59-03:00","ICP-Brasil"]],["Matheus Paccini Pereira",["2025-06-17T12:14:57-03:00","ICP-Brasil"]],["Rodolfo Inacio da Freiria",["2025-06-17T14:19:05-03:00","ICP-Brasil"]],["Thalles Silva Gomes",["2025-06-17T14:17:09-03:00","ICP-Brasil"]]]}}},"nome":"Proposi\u00e7\u00e3o de Lei Assinada","data":"2025-06-17","autor":"Mesa Diretora","ementa":"Proposi\u00e7\u00e3o de Lei n\u00ba 12- PL n\u00ba  19.2025 - aux\u00edlio-alimenta\u00e7\u00e3o legislativo-ASS","indexacao":"","arquivo":"http://sapl.alfenas.mg.leg.br/media/sapl/public/documentoacessorio/2025/4405/proposicao_de_lei_no_12-_pl_no__19.2025_-_auxilio-alimentacao_legislativo-ass.pdf","data_ultima_atualizacao":"2025-06-17T14:45:00.501126-03:00","materia":4198,"tipo":22}