{"id":4394,"__str__":"Reda\u00e7\u00e3o Final - Reda\u00e7\u00e3o Final PL n\u00ba 15/2025 de 17/06/2025 por CCLJRF","link_detail_backend":"/materia/documentoacessorio/4394","metadata":{"signs":{"arquivo":{"admin":[],"autores":[["Cirlei Jose de Carvalho",["2025-06-13T11:56:01-03:00","ICP-Brasil"]],["Rodolfo Inacio da Freiria",["2025-06-13T11:58:52-03:00","ICP-Brasil"]]]}}},"nome":"Reda\u00e7\u00e3o Final PL n\u00ba 15/2025","data":"2025-06-17","autor":"CCLJRF","ementa":"","indexacao":"","arquivo":"http://sapl.alfenas.mg.leg.br/media/sapl/public/documentoacessorio/2025/4394/assinada_redacao_final_-pl_no_15.2025_-_declara_de_ulidade_publica_a_associacao_late_coracao.pdf","data_ultima_atualizacao":"2025-06-17T08:50:20.996664-03:00","materia":4047,"tipo":24}