{"id":4374,"__str__":"Anexo - Of\u00edcio n\u00ba 3/2025 de 06/06/2025 por Braz Fernando da Silva","link_detail_backend":"/materia/documentoacessorio/4374","metadata":{},"nome":"Of\u00edcio n\u00ba 3/2025","data":"2025-06-06","autor":"Braz Fernando da Silva","ementa":"Convida o Vereador Gilmar Costa da Silva para participar da Reuni\u00e3o da CCLJRF no dia 10.6.20025, \u00e0s 9h para an\u00e1lise e discuss\u00e3o do PL n\u00ba 18/2025.","indexacao":"","arquivo":"http://sapl.alfenas.mg.leg.br/media/sapl/public/documentoacessorio/2025/4374/oficio_ccljrf_003.2025.pdf","data_ultima_atualizacao":"2025-06-06T16:32:55.182086-03:00","materia":4046,"tipo":23}