{"id":4351,"__str__":"Proposi\u00e7\u00e3o de Lei - Proposi\u00e7\u00e3o em formato Word de 02/06/2025 por Mesa Diretora","link_detail_backend":"/materia/documentoacessorio/4351","metadata":{},"nome":"Proposi\u00e7\u00e3o em formato Word","data":"2025-06-02","autor":"Mesa Diretora","ementa":"Proposi\u00e7\u00e3o de Lei n\u00ba 09- PL n\u00ba  12.2025 - Dia Municipal de Informa\u00e7\u00e3o e Conscientiza\u00e7\u00e3o sobre Doen\u00e7as","indexacao":"","arquivo":"http://sapl.alfenas.mg.leg.br/media/sapl/public/documentoacessorio/2025/4351/proposicao_de_lei_no_09-_pl_no__12.2025_-_dia_municipal_de_informacao_e_conscientizacao_sobre_doencas.docx","data_ultima_atualizacao":"2025-06-02T12:09:10.514593-03:00","materia":4020,"tipo":22}