{"id":4316,"__str__":"Minuta - Rodolfo In\u00e1cio de 23/05/2025 por Minuta da Indica\u00e7\u00e3o","link_detail_backend":"/materia/documentoacessorio/4316","metadata":{},"nome":"Rodolfo In\u00e1cio","data":"2025-05-23","autor":"Minuta da Indica\u00e7\u00e3o","ementa":"retorno_do_cambeta_em_alfenas","indexacao":"","arquivo":"http://sapl.alfenas.mg.leg.br/media/sapl/public/documentoacessorio/2025/4316/retorno_do_cambeta_em_alfenas.docx","data_ultima_atualizacao":"2025-05-23T08:30:22.474917-03:00","materia":4260,"tipo":18}