{"id":4301,"__str__":"Minuta - Minuta do Projeto de Lei de 15/05/2025 por Gilmar Costa da Silva","link_detail_backend":"/materia/documentoacessorio/4301","metadata":{},"nome":"Minuta do Projeto de Lei","data":"2025-05-15","autor":"Gilmar Costa da Silva","ementa":"\u201cInstitui o m\u00eas de maio como \u201cMaio Laranja\u201d para Conscientiza\u00e7\u00e3o e Preven\u00e7\u00e3o Contra o Abuso Sexual de Crian\u00e7as e Adolescentes no Munic\u00edpio de Alfenas, bem como o dia 18 de maio como o dia Municipal de preven\u00e7\u00e3o e combate contra o abuso e a explora\u00e7\u00e3o sexual de crian\u00e7as e adolescentes e d\u00e1 outras provid\u00eancias\u201d","indexacao":"","arquivo":"http://sapl.alfenas.mg.leg.br/media/sapl/public/documentoacessorio/2025/4301/projeto_que_intitui_a_semana_de_conscientizacao_e_prevencao_contra_o_abuso_sexual_de_criancas_e_adolescentes.docx","data_ultima_atualizacao":"2025-05-15T07:34:13.079089-03:00","materia":4217,"tipo":18}