{"id":4244,"__str__":"Anexo - Relat\u00f3rio sobre Projetos em Execu\u00e7\u00e3o e Despesas de 15/04/2025 por F\u00e1bio Marques Flor\u00eancio","link_detail_backend":"/materia/documentoacessorio/4244","metadata":{},"nome":"Relat\u00f3rio sobre Projetos em Execu\u00e7\u00e3o e Despesas","data":"2025-04-15","autor":"F\u00e1bio Marques Flor\u00eancio","ementa":"Relat\u00f3rio sobre Projetos em Execu\u00e7\u00e3o e Despesas com Conserv. do Patrim\u00f4nio P\u00fablico","indexacao":"","arquivo":"http://sapl.alfenas.mg.leg.br/media/sapl/public/documentoacessorio/2025/4244/relatorio_sobre_projetos_em_execucao_e_despesas_com_conserv._do_patrimonio_publico.pdf","data_ultima_atualizacao":"2025-04-15T15:35:42.889496-03:00","materia":4043,"tipo":23}