{"id":418,"__str__":"Lista de Vota\u00e7\u00e3o - Vota\u00e7\u00e3o Regime de Urg\u00eancia de 29/08/2023 por Todos Vereadores","link_detail_backend":"/materia/documentoacessorio/418","metadata":{},"nome":"Vota\u00e7\u00e3o Regime de Urg\u00eancia","data":"2023-08-29","autor":"Todos Vereadores","ementa":"REGIME DE URG\u00caNCIA","indexacao":"","arquivo":"http://sapl.alfenas.mg.leg.br/media/sapl/public/documentoacessorio/2023/418/lista_de_votacao_-_regime_de_urgencia_-_pl_no_59.2023.pdf","data_ultima_atualizacao":"2023-08-29T15:22:52.256498-03:00","materia":894,"tipo":25}