{"id":4161,"__str__":"Reda\u00e7\u00e3o Final - Reda\u00e7\u00e3o Final PL n\u00ba 4/2025 de 08/04/2025 por CCLJRF","link_detail_backend":"/materia/documentoacessorio/4161","metadata":{},"nome":"Reda\u00e7\u00e3o Final PL n\u00ba 4/2025","data":"2025-04-08","autor":"CCLJRF","ementa":"","indexacao":"","arquivo":"http://sapl.alfenas.mg.leg.br/media/sapl/public/documentoacessorio/2025/4161/redacao_final_-_plno_004.2025_-reconhece_a_cavalgada_de_alfenas_e_institui_o_dia_da_cavalgada.pdf","data_ultima_atualizacao":"2025-04-08T11:23:09.234195-03:00","materia":3895,"tipo":24}