{"id":409,"__str__":"Lista de Vota\u00e7\u00e3o - Vota\u00e7\u00e3o Regime de Urg\u00eancia de 28/08/2023 por Todos Vereadores","link_detail_backend":"/materia/documentoacessorio/409","metadata":{},"nome":"Vota\u00e7\u00e3o Regime de Urg\u00eancia","data":"2023-08-28","autor":"Todos Vereadores","ementa":"REGIME DE URG\u00caNCIA","indexacao":"","arquivo":"http://sapl.alfenas.mg.leg.br/media/sapl/public/documentoacessorio/2023/409/lista_de_votacao_-__regime_de_urgencia_._pl_60.2023.pdf","data_ultima_atualizacao":"2023-08-29T15:12:44.768041-03:00","materia":895,"tipo":25}