{"id":4049,"__str__":"Anexo - Anteprojeto de lei de 17/01/2025 por Cirlei Jos\u00e9 de Carvalho e Jos\u00e9 Batista Neto","link_detail_backend":"/materia/documentoacessorio/4049","metadata":{},"nome":"Anteprojeto de lei","data":"2025-01-17","autor":"Cirlei Jos\u00e9 de Carvalho e Jos\u00e9 Batista Neto","ementa":"Cria a Creche para a Pessoa Idosa no Munic\u00edpio de Alfenas.","indexacao":"","arquivo":"http://sapl.alfenas.mg.leg.br/media/sapl/public/documentoacessorio/2025/4049/anexo_indicacao_01.25_-__anteprojeto_creche_do_idoso_-_cirlei_e_ze_batista.pdf","data_ultima_atualizacao":"2025-01-17T11:08:53.527863-03:00","materia":3600,"tipo":23}