{"id":3532,"__str__":"Anexo - Aprova\u00e7\u00e3o CODEMA Acr\u00e9scimo Compensa\u00e7\u00e3o Ambienta de 26/09/2024 por Executivo Municipal","link_detail_backend":"/materia/documentoacessorio/3532","metadata":{},"nome":"Aprova\u00e7\u00e3o CODEMA Acr\u00e9scimo Compensa\u00e7\u00e3o Ambienta","data":"2024-09-26","autor":"Executivo Municipal","ementa":"16.Aprova\u00e7\u00e3o CODEMA Acr\u00e9scimo Compensa\u00e7\u00e3o Ambiental","indexacao":"","arquivo":"http://sapl.alfenas.mg.leg.br/media/sapl/public/documentoacessorio/2024/3532/16.aprovacao_codema_acrescimo_compensacao_ambiental.pdf","data_ultima_atualizacao":"2024-09-26T12:31:07.156943-03:00","materia":3373,"tipo":23}