{"id":3343,"__str__":"Anexo - Anexo 7 - Programa de Trabalho do Governo de 30/08/2024 por F\u00e1bio Marques Flor\u00eancio","link_detail_backend":"/materia/documentoacessorio/3343","metadata":{},"nome":"Anexo 7 - Programa de Trabalho do Governo","data":"2024-08-30","autor":"F\u00e1bio Marques Flor\u00eancio","ementa":"Anexo 7 - Programa de Trabalho do Governo (Consolida\u00e7\u00e3o)","indexacao":"","arquivo":"http://sapl.alfenas.mg.leg.br/media/sapl/public/documentoacessorio/2024/3343/anexo_7_-_programa_de_trabalho_do_governo_consolidacao.pdf","data_ultima_atualizacao":"2024-08-30T14:44:37.636224-03:00","materia":3279,"tipo":23}