{"id":301,"__str__":"Reda\u00e7\u00e3o Final - Reda\u00e7\u00e3o Final de 11/07/2023 por ","link_detail_backend":"/materia/documentoacessorio/301","metadata":{"signs":{"arquivo":{"admin":[],"autores":[["Braz Fernando da Silva",["2023-07-11T10:53:42-03:00","ICP-Brasil"]],["Katia Geralda Silva Goyata",["2023-07-11T10:53:14-03:00","ICP-Brasil"]],["Vagner Tarcisio de Morais",["2023-07-11T10:53:29-03:00","ICP-Brasil"]]]}}},"nome":"Reda\u00e7\u00e3o Final","data":"2023-07-11","autor":"","ementa":"","indexacao":"","arquivo":"http://sapl.alfenas.mg.leg.br/media/sapl/public/documentoacessorio/2023/301/redacao_final_-_pl_no_050.2023_-_assinado.pdf","data_ultima_atualizacao":"2023-07-11T10:54:23.253560-03:00","materia":724,"tipo":24}