{"id":1341,"__str__":"Proposi\u00e7\u00e3o de Lei - Proposi\u00e7\u00e3o de Lei de 06/12/2023 por ","link_detail_backend":"/materia/documentoacessorio/1341","metadata":{},"nome":"Proposi\u00e7\u00e3o de Lei","data":"2023-12-06","autor":"","ementa":"","indexacao":"","arquivo":"http://sapl.alfenas.mg.leg.br/media/sapl/public/documentoacessorio/2023/1341/proposicao_de_lei_no_058.23_ao_pl_no_78.2023_-_repasse_de_contribuicao_a_associacao_dos_deficientes_visuais_de_alfenas.docx","data_ultima_atualizacao":"2023-12-06T10:46:14.451322-03:00","materia":1815,"tipo":22}