{"id":1335,"__str__":"Reda\u00e7\u00e3o Final - Reda\u00e7\u00e3o Final de 05/12/2023 por ","link_detail_backend":"/materia/documentoacessorio/1335","metadata":{"signs":{"arquivo":{"admin":[],"autores":[["Braz Fernando da Silva",["2023-12-06T06:41:01-03:00","ICP-Brasil"]],["Katia Geralda Silva Goyata",["2023-12-06T06:40:32-03:00","ICP-Brasil"]],["Vagner Tarcisio de Morais",["2023-12-06T06:40:47-03:00","ICP-Brasil"]]]}}},"nome":"Reda\u00e7\u00e3o Final","data":"2023-12-05","autor":"","ementa":"","indexacao":"","arquivo":"http://sapl.alfenas.mg.leg.br/media/sapl/public/documentoacessorio/2023/1335/redacao_final_-_pl_no_078.2023_-_assinado.pdf","data_ultima_atualizacao":"2023-12-06T06:41:40.730496-03:00","materia":1815,"tipo":24}