{"id":1200,"__str__":"Reda\u00e7\u00e3o Final - Reda\u00e7\u00e3o Final de 22/11/2023 por ","link_detail_backend":"/materia/documentoacessorio/1200","metadata":{"signs":{"arquivo":{"admin":[],"autores":[["Braz Fernando da Silva",["2023-11-22T11:06:47-03:00","ICP-Brasil"]],["Katia Geralda Silva Goyata",["2023-11-22T11:06:01-03:00","ICP-Brasil"]],["Vagner Tarcisio de Morais",["2023-11-22T11:06:33-03:00","ICP-Brasil"]]]}}},"nome":"Reda\u00e7\u00e3o Final","data":"2023-11-22","autor":"","ementa":"","indexacao":"","arquivo":"http://sapl.alfenas.mg.leg.br/media/sapl/public/documentoacessorio/2023/1200/redacao_final_-_pl_no_074.2023_-_assisnado.pdf","data_ultima_atualizacao":"2023-11-22T11:07:23.392657-03:00","materia":1669,"tipo":24}