{"id":1082,"__str__":"Proposi\u00e7\u00e3o de Lei - Proposi\u00e7\u00e3o de Lei de 16/11/2023 por Mesa Diretora","link_detail_backend":"/materia/documentoacessorio/1082","metadata":{"signs":{"arquivo":{"admin":[],"autores":[["Domingos dos Reis Monteiro",["2023-11-16T13:22:32-03:00","ICP-Brasil"]],["Jose Carlos de Morais",["2023-11-16T13:21:53-03:00","ICP-Brasil"]],["Marcio Fernando Costa",["2023-11-16T13:22:04-03:00","ICP-Brasil"]],["Paulo Agenor Madeira",["2023-11-16T13:22:19-03:00","ICP-Brasil"]]]}}},"nome":"Proposi\u00e7\u00e3o de Lei","data":"2023-11-16","autor":"Mesa Diretora","ementa":"","indexacao":"","arquivo":"http://sapl.alfenas.mg.leg.br/media/sapl/public/documentoacessorio/2023/1082/proposicao_de_lei_no_057.23_ao_pl_no_68.2023_-_dia_municipal_da_caminhada_e_conscientizacao_do_esporte_-_assinado.pdf","data_ultima_atualizacao":"2023-11-16T13:23:05.388420-03:00","materia":1001,"tipo":22}