{"id":1003,"__str__":"Reda\u00e7\u00e3o Final - Reda\u00e7\u00e3o Final de 14/11/2023 por ","link_detail_backend":"/materia/documentoacessorio/1003","metadata":{"signs":{"arquivo":{"admin":[],"autores":[["Braz Fernando da Silva",["2023-11-14T14:07:13-03:00","ICP-Brasil"]],["Katia Geralda Silva Goyata",["2023-11-14T14:06:47-03:00","ICP-Brasil"]],["Vagner Tarcisio de Morais",["2023-11-14T14:07:00-03:00","ICP-Brasil"]]]}}},"nome":"Reda\u00e7\u00e3o Final","data":"2023-11-14","autor":"","ementa":"","indexacao":"","arquivo":"http://sapl.alfenas.mg.leg.br/media/sapl/public/documentoacessorio/2023/1003/redacao_final_-_pl_no_068.2023_-_assinado.pdf","data_ultima_atualizacao":"2023-11-14T14:07:53.374157-03:00","materia":1001,"tipo":24}